{"id":757,"date":"2022-10-04T10:09:00","date_gmt":"2022-10-04T08:09:00","guid":{"rendered":"http:\/\/careers-ailleron.empressia.dev\/?p=757"},"modified":"2023-04-28T10:55:47","modified_gmt":"2023-04-28T08:55:47","slug":"ailleron-power-up-camp-czyli-jak-nasi-pracownicy-dziela-sie-wiedza","status":"publish","type":"post","link":"https:\/\/careers.ailleron.com\/pl\/ailleron-power-up-camp-czyli-jak-nasi-pracownicy-dziela-sie-wiedza\/","title":{"rendered":"Ailleron Power Up Camp, czyli jak nasi pracownicy dziel\u0105 si\u0119 wiedz\u0105"},"content":{"rendered":"<p class=\"eplus-wrapper\">O tym, \u017ce rozw\u00f3j naszych pracownik\u00f3w jest dla nas bardzo wa\u017cny, pisali\u015bmy ju\u017c nie raz. Stosujemy r\u00f3\u017cne formy szkole\u0144, warsztat\u00f3w i kurs\u00f3w. W ubieg\u0142ym roku pojawi\u0142 si\u0119 kolejny pomys\u0142 na wykorzystanie potencja\u0142u i ambicji naszych #AilleronExperts, postawili\u015bmy wi\u0119c na now\u0105 form\u0119 wewn\u0119trznej wymiany wiedzy. Tak wystartowali\u015bmy z naszym Ailleron Power Up Camp.<\/p>\n\n\n\n<h2 class=\"eplus-wrapper wp-block-heading\"><strong>Power UP Camp \u2013 co to takiego?<\/strong><\/h2>\n\n\n\n<p class=\"eplus-wrapper\">Power UP Camp to og\u00f3lnofirmowy event rozwojowy dla wszystkich pracownik\u00f3w Ailleron, kt\u00f3rego g\u0142\u00f3wnym celem jest wewn\u0119trzna wymiana wiedzy. Ka\u017cdy z naszych pracownik\u00f3w mo\u017ce zg\u0142osi\u0107 si\u0119 z wybranym przez siebie tematem i zaprezentowa\u0107 go na forum. Wyst\u0105pienia dotycz\u0105 r\u00f3\u017cnych temat\u00f3w: technicznych, sprzeda\u017cowych, czy z zakresu kompetencji mi\u0119kkich. Mog\u0105 r\u00f3wnie\u017c przybra\u0107 r\u00f3\u017cne formy \u2013 wyk\u0142ad\u00f3w czy warsztat\u00f3w, wszystko zale\u017cy od koncepcji prowadz\u0105cego.<\/p>\n\n\n\n<p class=\"eplus-wrapper\">Pierwsza edycja mia\u0142a miejsce w 2021 roku. Du\u017ce zaanga\u017cowanie pracownik\u00f3w i wiele pozytywnych opinii, zdopingowa\u0142y nas do wystartowania z 2. edycj\u0105 programu! Co tydzie\u0144 spotykamy si\u0119 z innym ekspertem z Ailleron, ws\u0142uchuj\u0105c si\u0119 w ciekawe prezentacje czy aktywnie sprawdzaj\u0105c kolejne warsztaty. Czekaj\u0105 nas dwa miesi\u0105ce pe\u0142ne wiedzy i inspiracji.<\/p>\n\n\n\n<h2 class=\"eplus-wrapper wp-block-heading\"><strong>Jakie korzy\u015bci przynosi nam Ailleron Power UP Camp?<\/strong><\/h2>\n\n\n\n<p class=\"eplus-wrapper\">Po pierwsze, to doskona\u0142a okazja do wymiany praktycznego know-how i dzielenia si\u0119 do\u015bwiadczeniem. G\u0142\u00f3wny cel to wykorzystanie wiedzy do rozwoju pracownik\u00f3w, a co za tym idzie tak\u017ce rozwoju firmy. Chcemy jak najlepiej i najefektywniej rozwija\u0107 r\u00f3\u017cnorodne umiej\u0119tno\u015bci naszych pracownik\u00f3w, by mogli korzysta\u0107 ze swojego do\u015bwiadczenia, inspirowa\u0107 si\u0119 i motywowa\u0107 do poszerzania swoich horyzont\u00f3w.<\/p>\n\n\n\n<p class=\"eplus-wrapper\">Pracownicy, kt\u00f3rzy prowadz\u0105 spotkania, buduj\u0105 sw\u00f3j ekspercki wizerunek i doskonal\u0105 si\u0119 w zakresie publicznych wyst\u0105pie\u0144 czy autoprezentacji. Dla niekt\u00f3rych z nich jest to te\u017c prze\u0142amywanie swoich wewn\u0119trznych barier i zdobywanie nowych do\u015bwiadcze\u0144. Dodatkowo, ka\u017cdy z prelegent\u00f3w ma zapewnione dodatkowe wsparcie w postaci dw\u00f3ch dni warsztat\u00f3w online, podczas kt\u00f3rych poznaje narz\u0119dzia skutecznej autoprezentacji i przekazywania informacji. Takie wewn\u0119trzne wyst\u0105pienia z pewno\u015bci\u0105 wp\u0142ywaj\u0105 na wi\u0119ksz\u0105 pewno\u015b\u0107 siebie i mog\u0105 zmotywowa\u0107 do dzielenia si\u0119 wiedz\u0105 eksperck\u0105 na wi\u0119kszym forum.<\/p>\n\n\n\n<p class=\"eplus-wrapper\">Po drugie, bardzo elastycznie podchodzimy do wyboru tematyki naszych prezentacji. Ostatnio sporo s\u0142yszymy o wypaleniu zawodowym, czy quiet quitting\u2019u, kt\u00f3re cz\u0119sto wynikaj\u0105 z rutyny. Chc\u0105c temu zapobiec, poszerzamy wi\u0119c horyzonty i jeste\u015bmy otwarci na wszystkie pomys\u0142y. Pokazujemy pracownikom r\u00f3\u017cnorodne tematy dotycz\u0105ce dzia\u0142alno\u015bci naszej firmy i bran\u017cy IT, rozwoju zawodowego, ale r\u00f3wnie\u017c tematy z obszar\u00f3w kompetencji mi\u0119kkich. Staramy si\u0119 zainteresowa\u0107 #AilleronExperts r\u00f3\u017cnymi zagadnieniami. Pokaza\u0107, \u017ce maj\u0105 wiele okazji, mo\u017cliwo\u015bci i projekt\u00f3w, w kt\u00f3re mog\u0105 si\u0119 anga\u017cowa\u0107.<\/p>\n\n\n\n<p class=\"eplus-wrapper\">Po trzecie, zrozumienie i wzajemny szacunek. Cz\u0119sto w du\u017cych firmach o z\u0142o\u017conych strukturach, pracownicy nie maj\u0105 pe\u0142nego obrazu tego, co ich koledzy z s\u0105siednich dzia\u0142\u00f3w robi\u0105 w swoich zespo\u0142ach. Czym zajmuj\u0105 si\u0119 na co dzie\u0144, z jakimi wyzwaniami i zadaniami si\u0119 mierz\u0105? Dzi\u0119ki Ailleron Power UP Camp ka\u017cdy mo\u017ce opowiedzie\u0107 o swojej pracy oraz o tym, jakie tematy go interesuj\u0105 i w jakim obszarze jest ekspertem. Mo\u017cna powiedzie\u0107, \u017ce jest to te\u017c pewna forma integracji.<\/p>\n\n\n\n<h2 class=\"eplus-wrapper wp-block-heading\"><strong>Jakie tematy zaplanowali\u015bmy na ten rok?<\/strong><\/h2>\n\n\n\n<p class=\"eplus-wrapper\">Podczas tegorocznego Ailleron Power UP Camp czeka nas wiele temat\u00f3w biznesowych, technicznych i z zakresu kompetencji mi\u0119kkich. B\u0119dzie bardzo praktycznie i r\u00f3\u017cnorodnie. Poznajcie naszych prelegent\u00f3w:<\/p>\n\n\n\n<ul class=\"eplus-wrapper wp-block-list\">\n<li class=\"eplus-wrapper\">Agnieszka Pir\u00f3g (Business&amp;Product Development Manager) \u2013 Unreal expectations of banks compared with projects budgets<\/li>\n\n\n\n<li class=\"eplus-wrapper\">Pawe\u0142 Haracz (Cloud Architect) \u2013 Uwierzytelnienie, Autoryzacja, SSO \u2013 czyli jak to wszystko ugry\u017a\u0107 w aplikacji na podstawie Azure Ad i Azure AD B2C<\/li>\n\n\n\n<li class=\"eplus-wrapper\">Anna Semionenko (Recruitment Specialist) \u2013 Komunikacja niewerbalna<\/li>\n\n\n\n<li class=\"eplus-wrapper\">Piotr Galbas (Software Architect) \u2013 Tworzenie DI bibliotek niezale\u017cnych od aplikacji klienta<\/li>\n\n\n\n<li class=\"eplus-wrapper\">Patrycja Leszek-Kr\u00f3likowska (General UX\/UI Manager) i Patrycja Soko\u0142owska (CSenior UX Designer) \u2013 Customer Journey Map \u2013 Powerfull tool<\/li>\n\n\n\n<li class=\"eplus-wrapper\">Ireneusz Liberacki (Operational Director) \u2013 Wsp\u00f3\u0142praca z gigantami w bran\u017cy bankowej<\/li>\n\n\n\n<li class=\"eplus-wrapper\">Olga Wis\u0142awnych (International Sales Manager) \u2013 Mentoring \u2013 skuteczny spos\u00f3b na rozw\u00f3j.<\/li>\n<\/ul>\n\n\n\n<p class=\"eplus-wrapper\">Naszym specjalnym go\u015bciem b\u0119dzie r\u00f3wnie\u017c specjalista z Chmurowisko, kt\u00f3ry przybli\u017cy nam temat monitoringu infrastruktury w Azure.<\/p>\n\n\n\n<p class=\"eplus-wrapper\">Jak widzicie Power\u2019a nam nie brakuje \ud83d\ude09 Odpowiadamy na potrzeby naszych pracownik\u00f3w, stawiamy na ich rozw\u00f3j, pomagamy w budowaniu pewno\u015b\u0107 siebie i ju\u017c za chwil\u0119 ruszamy z kolejn\u0105 edycj\u0105 Ailleron Power UP Camp.<\/p>\n\n\n\n<p class=\"eplus-wrapper\"><a href=\"https:\/\/ailleron.com\/#facebook\" target=\"_blank\" rel=\"noreferrer noopener\"><\/a><\/p>","protected":false},"excerpt":{"rendered":"<p>O tym, \u017ce rozw\u00f3j naszych pracownik\u00f3w jest dla nas bardzo wa\u017cny, pisali\u015bmy ju\u017c nie raz. Stosujemy r\u00f3\u017cne formy szkole\u0144, warsztat\u00f3w i kurs\u00f3w. W ubieg\u0142ym roku pojawi\u0142 si\u0119 kolejny pomys\u0142 na wykorzystanie potencja\u0142u i ambicji naszych #AilleronExperts, postawili\u015bmy wi\u0119c na now\u0105 form\u0119 wewn\u0119trznej wymiany wiedzy. Tak wystartowali\u015bmy z naszym Ailleron Power Up Camp.<\/p>","protected":false},"author":3,"featured_media":1269,"comment_status":"open","ping_status":"open","sticky":false,"template":"","format":"standard","meta":{"_acf_changed":false,"footnotes":""},"categories":[1],"tags":[22],"class_list":["post-757","post","type-post","status-publish","format-standard","has-post-thumbnail","hentry","category-bez-kategorii","tag-ailleron-life"],"yoast_head":"<!-- This site is optimized with the Yoast SEO plugin v26.9 - https:\/\/yoast.com\/product\/yoast-seo-wordpress\/ -->\n<title>Ailleron Power Up Camp, or how our employees share their knowledge | Ailleron Careers<\/title>\n<meta name=\"description\" content=\"Join Ailleron and become part of our team! Find out about the latest IT job offers for programmers in Krakow, Warsaw, Rzeszow and Bielsko.\" \/>\n<meta name=\"robots\" content=\"index, follow, max-snippet:-1, max-image-preview:large, max-video-preview:-1\" \/>\n<link rel=\"canonical\" href=\"https:\/\/careers.ailleron.com\/pl\/ailleron-power-up-camp-czyli-jak-nasi-pracownicy-dziela-sie-wiedza\/\" \/>\n<meta property=\"og:locale\" content=\"pl_PL\" \/>\n<meta property=\"og:type\" content=\"article\" \/>\n<meta property=\"og:title\" content=\"Ailleron Power Up Camp, or how our employees share their knowledge | Ailleron Careers\" \/>\n<meta property=\"og:description\" content=\"Join Ailleron and become part of our team! Find out about the latest IT job offers for programmers in Krakow, Warsaw, Rzeszow and Bielsko.\" \/>\n<meta property=\"og:url\" content=\"https:\/\/careers.ailleron.com\/pl\/ailleron-power-up-camp-czyli-jak-nasi-pracownicy-dziela-sie-wiedza\/\" \/>\n<meta property=\"og:site_name\" content=\"Ailleron Careers\" \/>\n<meta property=\"article:publisher\" content=\"https:\/\/www.facebook.com\/Ailleron.Digital.Wings\/\" \/>\n<meta property=\"article:published_time\" content=\"2022-10-04T08:09:00+00:00\" \/>\n<meta property=\"article:modified_time\" content=\"2023-04-28T08:55:47+00:00\" \/>\n<meta property=\"og:image\" content=\"https:\/\/careers.ailleron.com\/wp-content\/uploads\/2022\/10\/sharepoint-2-2.png\" \/>\n\t<meta property=\"og:image:width\" content=\"1599\" \/>\n\t<meta property=\"og:image:height\" content=\"452\" \/>\n\t<meta property=\"og:image:type\" content=\"image\/png\" \/>\n<meta name=\"author\" content=\"Agnieszka Jaworska\" \/>\n<meta name=\"twitter:card\" content=\"summary_large_image\" \/>\n<meta name=\"twitter:label1\" content=\"Napisane przez\" \/>\n\t<meta name=\"twitter:data1\" content=\"Agnieszka Jaworska\" \/>\n\t<meta name=\"twitter:label2\" content=\"Szacowany czas czytania\" \/>\n\t<meta name=\"twitter:data2\" content=\"5 minut\" \/>\n<script type=\"application\/ld+json\" class=\"yoast-schema-graph\">{\"@context\":\"https:\/\/schema.org\",\"@graph\":[{\"@type\":\"Article\",\"@id\":\"https:\/\/careers.ailleron.com\/ailleron-power-up-camp-or-how-our-employees-share-their-knowledge\/#article\",\"isPartOf\":{\"@id\":\"https:\/\/careers.ailleron.com\/ailleron-power-up-camp-or-how-our-employees-share-their-knowledge\/\"},\"author\":{\"name\":\"Agnieszka Jaworska\",\"@id\":\"https:\/\/careers.ailleron.com\/#\/schema\/person\/5fd100fc7a75cec1cc28d6accd0cfb44\"},\"headline\":\"Ailleron Power Up Camp, or how our employees share their knowledge\",\"datePublished\":\"2022-10-04T08:09:00+00:00\",\"dateModified\":\"2023-04-28T08:55:47+00:00\",\"mainEntityOfPage\":{\"@id\":\"https:\/\/careers.ailleron.com\/ailleron-power-up-camp-or-how-our-employees-share-their-knowledge\/\"},\"wordCount\":739,\"commentCount\":0,\"publisher\":{\"@id\":\"https:\/\/careers.ailleron.com\/#organization\"},\"image\":{\"@id\":\"https:\/\/careers.ailleron.com\/ailleron-power-up-camp-or-how-our-employees-share-their-knowledge\/#primaryimage\"},\"thumbnailUrl\":\"https:\/\/careers.ailleron.com\/wp-content\/uploads\/2022\/10\/sharepoint-2-2.png\",\"keywords\":[\"Ailleron Life\"],\"inLanguage\":\"pl-PL\",\"potentialAction\":[{\"@type\":\"CommentAction\",\"name\":\"Comment\",\"target\":[\"https:\/\/careers.ailleron.com\/ailleron-power-up-camp-or-how-our-employees-share-their-knowledge\/#respond\"]}]},{\"@type\":\"WebPage\",\"@id\":\"https:\/\/careers.ailleron.com\/ailleron-power-up-camp-or-how-our-employees-share-their-knowledge\/\",\"url\":\"https:\/\/careers.ailleron.com\/ailleron-power-up-camp-or-how-our-employees-share-their-knowledge\/\",\"name\":\"Ailleron Power Up Camp, or how our employees share their knowledge | Ailleron Careers\",\"isPartOf\":{\"@id\":\"https:\/\/careers.ailleron.com\/#website\"},\"primaryImageOfPage\":{\"@id\":\"https:\/\/careers.ailleron.com\/ailleron-power-up-camp-or-how-our-employees-share-their-knowledge\/#primaryimage\"},\"image\":{\"@id\":\"https:\/\/careers.ailleron.com\/ailleron-power-up-camp-or-how-our-employees-share-their-knowledge\/#primaryimage\"},\"thumbnailUrl\":\"https:\/\/careers.ailleron.com\/wp-content\/uploads\/2022\/10\/sharepoint-2-2.png\",\"datePublished\":\"2022-10-04T08:09:00+00:00\",\"dateModified\":\"2023-04-28T08:55:47+00:00\",\"description\":\"Join Ailleron and become part of our team! Find out about the latest IT job offers for programmers in Krakow, Warsaw, Rzeszow and Bielsko.\",\"breadcrumb\":{\"@id\":\"https:\/\/careers.ailleron.com\/ailleron-power-up-camp-or-how-our-employees-share-their-knowledge\/#breadcrumb\"},\"inLanguage\":\"pl-PL\",\"potentialAction\":[{\"@type\":\"ReadAction\",\"target\":[\"https:\/\/careers.ailleron.com\/ailleron-power-up-camp-or-how-our-employees-share-their-knowledge\/\"]}]},{\"@type\":\"ImageObject\",\"inLanguage\":\"pl-PL\",\"@id\":\"https:\/\/careers.ailleron.com\/ailleron-power-up-camp-or-how-our-employees-share-their-knowledge\/#primaryimage\",\"url\":\"https:\/\/careers.ailleron.com\/wp-content\/uploads\/2022\/10\/sharepoint-2-2.png\",\"contentUrl\":\"https:\/\/careers.ailleron.com\/wp-content\/uploads\/2022\/10\/sharepoint-2-2.png\",\"width\":1599,\"height\":452},{\"@type\":\"BreadcrumbList\",\"@id\":\"https:\/\/careers.ailleron.com\/ailleron-power-up-camp-or-how-our-employees-share-their-knowledge\/#breadcrumb\",\"itemListElement\":[{\"@type\":\"ListItem\",\"position\":1,\"name\":\"Ailleron Careers\",\"item\":\"https:\/\/careers.ailleron.com\/\"},{\"@type\":\"ListItem\",\"position\":2,\"name\":\"Ailleron Power Up Camp, or how our employees share their knowledge\"}]},{\"@type\":\"WebSite\",\"@id\":\"https:\/\/careers.ailleron.com\/#website\",\"url\":\"https:\/\/careers.ailleron.com\/\",\"name\":\"Ailleron Careers\",\"description\":\"Join Ailleron and become a software developer! See the lates IT job offers for programmers in Cracow, Warsaw, Rzeszow and Bielsko.\",\"publisher\":{\"@id\":\"https:\/\/careers.ailleron.com\/#organization\"},\"alternateName\":\"Ailleron Careers\",\"potentialAction\":[{\"@type\":\"SearchAction\",\"target\":{\"@type\":\"EntryPoint\",\"urlTemplate\":\"https:\/\/careers.ailleron.com\/?s={search_term_string}\"},\"query-input\":{\"@type\":\"PropertyValueSpecification\",\"valueRequired\":true,\"valueName\":\"search_term_string\"}}],\"inLanguage\":\"pl-PL\"},{\"@type\":\"Organization\",\"@id\":\"https:\/\/careers.ailleron.com\/#organization\",\"name\":\"Ailleron SA\",\"url\":\"https:\/\/careers.ailleron.com\/\",\"logo\":{\"@type\":\"ImageObject\",\"inLanguage\":\"pl-PL\",\"@id\":\"https:\/\/careers.ailleron.com\/#\/schema\/logo\/image\/\",\"url\":\"https:\/\/careers.ailleron.com\/wp-content\/uploads\/2023\/03\/aileron_logo_1.png\",\"contentUrl\":\"https:\/\/careers.ailleron.com\/wp-content\/uploads\/2023\/03\/aileron_logo_1.png\",\"width\":624,\"height\":283,\"caption\":\"Ailleron SA\"},\"image\":{\"@id\":\"https:\/\/careers.ailleron.com\/#\/schema\/logo\/image\/\"},\"sameAs\":[\"https:\/\/www.facebook.com\/Ailleron.Digital.Wings\/\",\"https:\/\/www.instagram.com\/ailleron_life\/?hl=en\",\"https:\/\/linkedin.com\/company\/ailleron\/\"]},{\"@type\":\"Person\",\"@id\":\"https:\/\/careers.ailleron.com\/#\/schema\/person\/5fd100fc7a75cec1cc28d6accd0cfb44\",\"name\":\"Agnieszka Jaworska\",\"image\":{\"@type\":\"ImageObject\",\"inLanguage\":\"pl-PL\",\"@id\":\"https:\/\/careers.ailleron.com\/#\/schema\/person\/image\/\",\"url\":\"https:\/\/secure.gravatar.com\/avatar\/f4ddefab1cd3ea8db501c4ef51f375999674866b5d8df41aa38d1d2b8573336c?s=96&d=mm&r=g\",\"contentUrl\":\"https:\/\/secure.gravatar.com\/avatar\/f4ddefab1cd3ea8db501c4ef51f375999674866b5d8df41aa38d1d2b8573336c?s=96&d=mm&r=g\",\"caption\":\"Agnieszka Jaworska\"}}]}<\/script>\n<!-- \/ Yoast SEO plugin. -->","yoast_head_json":{"title":"Ailleron Power Up Camp, or how our employees share their knowledge | Ailleron Careers","description":"Do\u0142\u0105cz do Ailleron i sta\u0144 si\u0119 cz\u0119\u015bci\u0105 naszego zespo\u0142u! Poznaj najnowsze oferty pracy IT dla programist\u00f3w w Krakowie, Warszawie, Rzeszowie i Bielsku.","robots":{"index":"index","follow":"follow","max-snippet":"max-snippet:-1","max-image-preview":"max-image-preview:large","max-video-preview":"max-video-preview:-1"},"canonical":"https:\/\/careers.ailleron.com\/pl\/ailleron-power-up-camp-czyli-jak-nasi-pracownicy-dziela-sie-wiedza\/","og_locale":"pl_PL","og_type":"article","og_title":"Ailleron Power Up Camp, or how our employees share their knowledge | Ailleron Careers","og_description":"Join Ailleron and become part of our team! Find out about the latest IT job offers for programmers in Krakow, Warsaw, Rzeszow and Bielsko.","og_url":"https:\/\/careers.ailleron.com\/pl\/ailleron-power-up-camp-czyli-jak-nasi-pracownicy-dziela-sie-wiedza\/","og_site_name":"Ailleron Careers","article_publisher":"https:\/\/www.facebook.com\/Ailleron.Digital.Wings\/","article_published_time":"2022-10-04T08:09:00+00:00","article_modified_time":"2023-04-28T08:55:47+00:00","og_image":[{"width":1599,"height":452,"url":"https:\/\/careers.ailleron.com\/wp-content\/uploads\/2022\/10\/sharepoint-2-2.png","type":"image\/png"}],"author":"Agnieszka Jaworska","twitter_card":"summary_large_image","twitter_misc":{"Napisane przez":"Agnieszka Jaworska","Szacowany czas czytania":"5 minut"},"schema":{"@context":"https:\/\/schema.org","@graph":[{"@type":"Article","@id":"https:\/\/careers.ailleron.com\/ailleron-power-up-camp-or-how-our-employees-share-their-knowledge\/#article","isPartOf":{"@id":"https:\/\/careers.ailleron.com\/ailleron-power-up-camp-or-how-our-employees-share-their-knowledge\/"},"author":{"name":"Agnieszka Jaworska","@id":"https:\/\/careers.ailleron.com\/#\/schema\/person\/5fd100fc7a75cec1cc28d6accd0cfb44"},"headline":"Ailleron Power Up Camp, or how our employees share their knowledge","datePublished":"2022-10-04T08:09:00+00:00","dateModified":"2023-04-28T08:55:47+00:00","mainEntityOfPage":{"@id":"https:\/\/careers.ailleron.com\/ailleron-power-up-camp-or-how-our-employees-share-their-knowledge\/"},"wordCount":739,"commentCount":0,"publisher":{"@id":"https:\/\/careers.ailleron.com\/#organization"},"image":{"@id":"https:\/\/careers.ailleron.com\/ailleron-power-up-camp-or-how-our-employees-share-their-knowledge\/#primaryimage"},"thumbnailUrl":"https:\/\/careers.ailleron.com\/wp-content\/uploads\/2022\/10\/sharepoint-2-2.png","keywords":["Ailleron Life"],"inLanguage":"pl-PL","potentialAction":[{"@type":"CommentAction","name":"Comment","target":["https:\/\/careers.ailleron.com\/ailleron-power-up-camp-or-how-our-employees-share-their-knowledge\/#respond"]}]},{"@type":"WebPage","@id":"https:\/\/careers.ailleron.com\/ailleron-power-up-camp-or-how-our-employees-share-their-knowledge\/","url":"https:\/\/careers.ailleron.com\/ailleron-power-up-camp-or-how-our-employees-share-their-knowledge\/","name":"Ailleron Power Up Camp, or how our employees share their knowledge | Ailleron Careers","isPartOf":{"@id":"https:\/\/careers.ailleron.com\/#website"},"primaryImageOfPage":{"@id":"https:\/\/careers.ailleron.com\/ailleron-power-up-camp-or-how-our-employees-share-their-knowledge\/#primaryimage"},"image":{"@id":"https:\/\/careers.ailleron.com\/ailleron-power-up-camp-or-how-our-employees-share-their-knowledge\/#primaryimage"},"thumbnailUrl":"https:\/\/careers.ailleron.com\/wp-content\/uploads\/2022\/10\/sharepoint-2-2.png","datePublished":"2022-10-04T08:09:00+00:00","dateModified":"2023-04-28T08:55:47+00:00","description":"Do\u0142\u0105cz do Ailleron i sta\u0144 si\u0119 cz\u0119\u015bci\u0105 naszego zespo\u0142u! Poznaj najnowsze oferty pracy IT dla programist\u00f3w w Krakowie, Warszawie, Rzeszowie i Bielsku.","breadcrumb":{"@id":"https:\/\/careers.ailleron.com\/ailleron-power-up-camp-or-how-our-employees-share-their-knowledge\/#breadcrumb"},"inLanguage":"pl-PL","potentialAction":[{"@type":"ReadAction","target":["https:\/\/careers.ailleron.com\/ailleron-power-up-camp-or-how-our-employees-share-their-knowledge\/"]}]},{"@type":"ImageObject","inLanguage":"pl-PL","@id":"https:\/\/careers.ailleron.com\/ailleron-power-up-camp-or-how-our-employees-share-their-knowledge\/#primaryimage","url":"https:\/\/careers.ailleron.com\/wp-content\/uploads\/2022\/10\/sharepoint-2-2.png","contentUrl":"https:\/\/careers.ailleron.com\/wp-content\/uploads\/2022\/10\/sharepoint-2-2.png","width":1599,"height":452},{"@type":"BreadcrumbList","@id":"https:\/\/careers.ailleron.com\/ailleron-power-up-camp-or-how-our-employees-share-their-knowledge\/#breadcrumb","itemListElement":[{"@type":"ListItem","position":1,"name":"Ailleron Careers","item":"https:\/\/careers.ailleron.com\/"},{"@type":"ListItem","position":2,"name":"Ailleron Power Up Camp, or how our employees share their knowledge"}]},{"@type":"WebSite","@id":"https:\/\/careers.ailleron.com\/#website","url":"https:\/\/careers.ailleron.com\/","name":"Ailleron Kariera","description":"Do\u0142\u0105cz do Ailleron i zosta\u0144 programist\u0105! Zobacz najnowsze oferty pracy IT dla programist\u00f3w w Krakowie, Warszawie, Rzeszowie i Bielsku.","publisher":{"@id":"https:\/\/careers.ailleron.com\/#organization"},"alternateName":"Ailleron Careers","potentialAction":[{"@type":"SearchAction","target":{"@type":"EntryPoint","urlTemplate":"https:\/\/careers.ailleron.com\/?s={search_term_string}"},"query-input":{"@type":"PropertyValueSpecification","valueRequired":true,"valueName":"search_term_string"}}],"inLanguage":"pl-PL"},{"@type":"Organization","@id":"https:\/\/careers.ailleron.com\/#organization","name":"Ailleron SA","url":"https:\/\/careers.ailleron.com\/","logo":{"@type":"ImageObject","inLanguage":"pl-PL","@id":"https:\/\/careers.ailleron.com\/#\/schema\/logo\/image\/","url":"https:\/\/careers.ailleron.com\/wp-content\/uploads\/2023\/03\/aileron_logo_1.png","contentUrl":"https:\/\/careers.ailleron.com\/wp-content\/uploads\/2023\/03\/aileron_logo_1.png","width":624,"height":283,"caption":"Ailleron SA"},"image":{"@id":"https:\/\/careers.ailleron.com\/#\/schema\/logo\/image\/"},"sameAs":["https:\/\/www.facebook.com\/Ailleron.Digital.Wings\/","https:\/\/www.instagram.com\/ailleron_life\/?hl=en","https:\/\/linkedin.com\/company\/ailleron\/"]},{"@type":"Person","@id":"https:\/\/careers.ailleron.com\/#\/schema\/person\/5fd100fc7a75cec1cc28d6accd0cfb44","name":"Agnieszka Jaworska","image":{"@type":"ImageObject","inLanguage":"pl-PL","@id":"https:\/\/careers.ailleron.com\/#\/schema\/person\/image\/","url":"https:\/\/secure.gravatar.com\/avatar\/f4ddefab1cd3ea8db501c4ef51f375999674866b5d8df41aa38d1d2b8573336c?s=96&d=mm&r=g","contentUrl":"https:\/\/secure.gravatar.com\/avatar\/f4ddefab1cd3ea8db501c4ef51f375999674866b5d8df41aa38d1d2b8573336c?s=96&d=mm&r=g","caption":"Agnieszka Jaworska"}}]}},"acf":[],"_links":{"self":[{"href":"https:\/\/careers.ailleron.com\/pl\/wp-json\/wp\/v2\/posts\/757","targetHints":{"allow":["GET"]}}],"collection":[{"href":"https:\/\/careers.ailleron.com\/pl\/wp-json\/wp\/v2\/posts"}],"about":[{"href":"https:\/\/careers.ailleron.com\/pl\/wp-json\/wp\/v2\/types\/post"}],"author":[{"embeddable":true,"href":"https:\/\/careers.ailleron.com\/pl\/wp-json\/wp\/v2\/users\/3"}],"replies":[{"embeddable":true,"href":"https:\/\/careers.ailleron.com\/pl\/wp-json\/wp\/v2\/comments?post=757"}],"version-history":[{"count":0,"href":"https:\/\/careers.ailleron.com\/pl\/wp-json\/wp\/v2\/posts\/757\/revisions"}],"wp:featuredmedia":[{"embeddable":true,"href":"https:\/\/careers.ailleron.com\/pl\/wp-json\/wp\/v2\/media\/1269"}],"wp:attachment":[{"href":"https:\/\/careers.ailleron.com\/pl\/wp-json\/wp\/v2\/media?parent=757"}],"wp:term":[{"taxonomy":"category","embeddable":true,"href":"https:\/\/careers.ailleron.com\/pl\/wp-json\/wp\/v2\/categories?post=757"},{"taxonomy":"post_tag","embeddable":true,"href":"https:\/\/careers.ailleron.com\/pl\/wp-json\/wp\/v2\/tags?post=757"}],"curies":[{"name":"wp","href":"https:\/\/api.w.org\/{rel}","templated":true}]}}