{"id":2773,"date":"2025-04-02T13:06:53","date_gmt":"2025-04-02T11:06:53","guid":{"rendered":"https:\/\/careers.ailleron.com\/?p=2773"},"modified":"2025-04-02T13:07:27","modified_gmt":"2025-04-02T11:07:27","slug":"webinar-how-to-take-care-of-employee-wellbeing-in-the-era-of-esg","status":"publish","type":"post","link":"https:\/\/careers.ailleron.com\/pl\/webinar-how-to-take-care-of-employee-wellbeing-in-the-era-of-esg\/","title":{"rendered":"Webinar: Jak dba\u0107 o wellbeing pracownik\u00f3w w dobie ESG?"},"content":{"rendered":"<p>Troska o wellbeing pracowniczy jest kluczowym wyzwaniem, jakie stawiamy sobie w Ailleron. Jak dba\u0107 o wellbeing w miejscu pracy i po\u0142\u0105czy\u0107 go z celami zr\u00f3wnowa\u017conego rozwoju? Jak jednocze\u015bnie dzia\u0142a\u0107 w duchu odpowiedzialno\u015bci spo\u0142ecznej i \u015brodowiskowej? Jak wykorzysta\u0107 do tego grywalizacj\u0119? Na to wszystko odpowiedz\u0105 nasze #AilleronExpertki podczas bezp\u0142atnego webinaru \"Jak dba\u0107 o wellbeing pracownik\u00f3w w dobie ESG?\".<\/p>\n\n\n\n<p><strong>Jak dba\u0107 o wellbeing pracownik\u00f3w w dobie ESG?<\/strong><\/p>\n\n\n\n<p>Szybkie tempo \u017cycia, stres, dynamicznie zmieniaj\u0105ce si\u0119 otoczenie \u2014 to tylko drobna cz\u0119\u015b\u0107 tego, z czym na co dzie\u0144 borykaj\u0105 si\u0119 pracownicy. Podj\u0119cie odpowiednich dzia\u0142a\u0144, kt\u00f3re pomog\u0105 pracownikom lepiej dba\u0107 o zdrowie psychiczne i fizyczne, jest kluczowe nie tylko dla zapewnienia lepszego indywidualnego samopoczucia, ale tak\u017ce sprawienia, \u017ce pracownik b\u0119dzie bardziej wydajny i usatysfakcjonowany z pracy. Dlatego w Ailleron podejmujemy szereg dzia\u0142a\u0144, aby pozytywnie wp\u0142ywa\u0107 na dobrostan naszego zespo\u0142u.<\/p>\n\n\n\n<p>\ud83e\uddd1\u200d\ud83d\udcbc Jak tworzy\u0107 programy wellbeingowe dla pracownik\u00f3w?<\/p>\n\n\n\n<p>\ud83e\uddd1\u200d\ud83d\udcbc Jak troszczy\u0107 si\u0119 o dobrostan pracownik\u00f3w, uwzgl\u0119dniaj\u0105c przy tym kwestie ESG i zr\u00f3wnowa\u017conego rozwoju?<\/p>\n\n\n\n<p>\ud83e\uddd1\u200d\ud83d\udcbc Jak po\u0142\u0105czy\u0107 odpowiedzialno\u015b\u0107 spo\u0142eczn\u0105 z dzia\u0142aniami proekologicznymi?<\/p>\n\n\n\n<p>\ud83e\uddd1\u200d\ud83d\udcbc Jak wykorzysta\u0107 grywalizacj\u0119, aby jednocze\u015bnie dba\u0107 o wellbeing, employer branding, wizerunek, a tak\u017ce \u015brodowisko?<\/p>\n\n\n\n<p>Na te i wiele innych pyta\u0144 odpowiedz\u0105 nasze specjalistki Head of People w Ailleron Karolina Strzelczyk oraz Employer Branding &amp; Communications Specialist Weronika Rapacz podczas webinaru pt. Jak dba\u0107 o wellbeing pracownik\u00f3w w dobie ESG? Odb\u0119dzie si\u0119 on ju\u017c 16 kwietnia 2025 r. w godz. 10:00-11:00, a jego organizatorem jest Posadzimy.pl, z kt\u00f3r\u0105 wsp\u00f3lnie sadzimy drzewa w polskich lasach.<\/p>\n\n\n\n<p>W webinarze wezm\u0105 udzia\u0142 tak\u017ce:<\/p>\n\n\n\n<p>\ud83c\udf31 Olga Ga\u0142\u0105zka-Grabowska, specjalistka ds. korporacyjnych i ESG w Alsendo<\/p>\n\n\n\n<p>\ud83c\udf31 Ewa J\u00f3\u017awiak, People &amp; Culture Director w Alsendo<\/p>\n\n\n\n<p>\ud83c\udf31 Mateusz Chabros, Marketing Specialist w Posadzimy.pl<\/p>\n\n\n\n<p>Udzia\u0142 jest bezp\u0142atny, zapiszesz si\u0119 tutaj: https:\/\/bit.ly\/4lmzQ8L&nbsp;<\/p>\n\n\n\n<p><strong>Czego si\u0119 dowiesz na webinarze?<\/strong><\/p>\n\n\n\n<p>1. Wellbeing \u2014 co to jest, dlaczego jest tak istotny, jakie s\u0105 korzy\u015bci z troski o wellbeing w miejscu pracy.<\/p>\n\n\n\n<p>2. Jak dba\u0107 o wellbeing swoich pracownik\u00f3w? - czyli jak tworzy\u0107 dzia\u0142ania wellbeingowe i jakie s\u0105 dobre praktyki w tym zakresie.<\/p>\n\n\n\n<p>3. Jak dzia\u0142ania spo\u0142eczne wpisywa\u0107 do raport\u00f3w ESG? - czyli na co zwr\u00f3ci\u0107 uwag\u0119, tworz\u0105c raporty ESG, z jakimi wyzwaniami trzeba si\u0119 zmierzy\u0107, jak do tego podej\u015b\u0107.<\/p>\n\n\n\n<p>4. Jak po\u0142\u0105czy\u0107 dzia\u0142ania prospo\u0142eczne z proekologicznymi? - poka\u017cemy sposoby na to, jak upiec dwie pieczenie na jednym ogniu, czyli dbaj\u0105c o pracownik\u00f3w, jednocze\u015bnie troszczy\u0107 si\u0119 o \u015brodowisko naturalne.<\/p>\n\n\n\n<p>5. Jak akcja Aktywni Dla Las\u00f3w pomaga po\u0142\u0105czy\u0107 wellbeing, employer branding, zielony wizerunek i trosk\u0119 o polskie lasy?  \u2014 czyli o grywalizacji, w kt\u00f3rej pracownicy mog\u0105 wymienia\u0107 kilometry pokonane podczas aktywno\u015bci fizycznych na posadzenie drzewka!<\/p>\n\n\n\n<p>6. Q&amp;A, podczas kt\u00f3rego odpowiemy na pytania i ch\u0119tnie porozmawiamy o Waszych do\u015bwiadczeniach wellbeingowych!<\/p>\n\n\n\n<figure class=\"wp-block-image size-large\"><img loading=\"lazy\" decoding=\"async\" width=\"1024\" height=\"576\" src=\"https:\/\/careers.ailleron.com\/wp-content\/uploads\/2025\/04\/1920x1080-webinar-6-HR-1-1024x576.png\" alt=\"\" class=\"wp-image-2776\" srcset=\"https:\/\/careers.ailleron.com\/wp-content\/uploads\/2025\/04\/1920x1080-webinar-6-HR-1-1024x576.png 1024w, https:\/\/careers.ailleron.com\/wp-content\/uploads\/2025\/04\/1920x1080-webinar-6-HR-1-300x169.png 300w, https:\/\/careers.ailleron.com\/wp-content\/uploads\/2025\/04\/1920x1080-webinar-6-HR-1-768x432.png 768w, https:\/\/careers.ailleron.com\/wp-content\/uploads\/2025\/04\/1920x1080-webinar-6-HR-1-1536x864.png 1536w, https:\/\/careers.ailleron.com\/wp-content\/uploads\/2025\/04\/1920x1080-webinar-6-HR-1-18x10.png 18w, https:\/\/careers.ailleron.com\/wp-content\/uploads\/2025\/04\/1920x1080-webinar-6-HR-1.png 1920w\" sizes=\"auto, (max-width: 1024px) 100vw, 1024px\" \/><\/figure>\n\n\n\n<p><strong>Partnerstwo z Posadzimy.pl<\/strong><\/p>\n\n\n\n<p>W Ailleron w ramach dzia\u0142a\u0144 wellbeingowych pracownicy rywalizuj\u0105 w aktywno\u015bciach sportowych na Strava, a zdobyte wsp\u00f3lnie kilometry zamieniamy na drzewka. Dodatkowo w aplikacji ALLgood pracownicy mog\u0105 wymienia\u0107 punkty na nagrod\u0119, jak\u0105 jest sadzonka w polskim lesie.<\/p>\n\n\n\n<p>Sadzeniem tych drzewek zajmuje si\u0119 Posadzimy.pl, kt\u00f3ra robi to w spos\u00f3b odpowiedzialny i profesjonalny, trzymaj\u0105c si\u0119 szeregu zasad i warto\u015bci. Posadzimy.pl odnawia tereny le\u015bne w ca\u0142ej Polsce, kt\u00f3re uleg\u0142y zniszczeniu przez czynniki naturalne, czyli np. po\u017cary lub nawa\u0142nice. Doborem gatunk\u00f3w drzew na danym obszarze zajmuj\u0105 si\u0119 lokalni le\u015bnicy, kt\u00f3rzy uwzgl\u0119dniaj\u0105 bior\u00f3\u017cnorodno\u015b\u0107 i szereg potrzeb ekosystemu. Sadzenie przeprowadzaj\u0105 specjali\u015bci, kt\u00f3rzy zajmuj\u0105 si\u0119 tym, na co dzie\u0144. Dzi\u0119ki temu mamy pewno\u015b\u0107, \u017ce drzewka przyjm\u0105 si\u0119 w \u015brodowisku i b\u0119d\u0105 ros\u0142y przez d\u0142ugie lata.<\/p>\n\n\n\n<p>Sadzenie drzew z Posadzimy.pl ma te\u017c istotny wymiar spo\u0142eczny. Nasz Partner nie sadzi na terenach nale\u017c\u0105cych do Las\u00f3w Pa\u0144stwowych, ale do gmin, powiat\u00f3w lub os\u00f3b prywatnych. Samorz\u0105dy zaoszcz\u0119dzone w ten spos\u00f3b \u015brodki przeznaczaj\u0105 na cele spo\u0142ecznie po\u017cyteczne takie jak dofinansowanie budowy infrastruktury rowerowej, doposa\u017cenie placu zabaw lub zakup specjalistycznego pojazdu dla stra\u017cak\u00f3w. Na sadzeniu korzysta zatem tak\u017ce lokalna spo\u0142eczno\u015b\u0107.<\/p>","protected":false},"excerpt":{"rendered":"<p>Troska o wellbeing pracowniczy jest kluczowym wyzwaniem, jakie stawiamy sobie w Ailleron. Jak dba\u0107 o wellbeing w miejscu pracy i po\u0142\u0105czy\u0107 go z celami zr\u00f3wnowa\u017conego rozwoju? Jak jednocze\u015bnie dzia\u0142a\u0107 w duchu odpowiedzialno\u015bci spo\u0142ecznej i \u015brodowiskowej? Jak wykorzysta\u0107 do tego grywalizacj\u0119? <\/p>","protected":false},"author":4,"featured_media":2769,"comment_status":"closed","ping_status":"closed","sticky":false,"template":"","format":"standard","meta":{"_acf_changed":false,"footnotes":""},"categories":[1],"tags":[22],"class_list":["post-2773","post","type-post","status-publish","format-standard","has-post-thumbnail","hentry","category-bez-kategorii","tag-ailleron-life"],"yoast_head":"<!-- This site is optimized with the Yoast SEO plugin v26.9 - https:\/\/yoast.com\/product\/yoast-seo-wordpress\/ -->\n<title>Webinar: How to take care of employee wellbeing in the era of ESG? | Ailleron Careers<\/title>\n<meta name=\"description\" content=\"Join Ailleron and become part of our team! Find out about the latest IT job offers for programmers in Krakow, Warsaw, Rzeszow and Bielsko.\" \/>\n<meta name=\"robots\" content=\"index, follow, max-snippet:-1, max-image-preview:large, max-video-preview:-1\" \/>\n<link rel=\"canonical\" href=\"https:\/\/careers.ailleron.com\/pl\/webinar-how-to-take-care-of-employee-wellbeing-in-the-era-of-esg\/\" \/>\n<meta property=\"og:locale\" content=\"pl_PL\" \/>\n<meta property=\"og:type\" content=\"article\" \/>\n<meta property=\"og:title\" content=\"Webinar: How to take care of employee wellbeing in the era of ESG? | Ailleron Careers\" \/>\n<meta property=\"og:description\" content=\"Join Ailleron and become part of our team! Find out about the latest IT job offers for programmers in Krakow, Warsaw, Rzeszow and Bielsko.\" \/>\n<meta property=\"og:url\" content=\"https:\/\/careers.ailleron.com\/pl\/webinar-how-to-take-care-of-employee-wellbeing-in-the-era-of-esg\/\" \/>\n<meta property=\"og:site_name\" content=\"Ailleron Careers\" \/>\n<meta property=\"article:publisher\" content=\"https:\/\/www.facebook.com\/Ailleron.Digital.Wings\/\" \/>\n<meta property=\"article:published_time\" content=\"2025-04-02T11:06:53+00:00\" \/>\n<meta property=\"article:modified_time\" content=\"2025-04-02T11:07:27+00:00\" \/>\n<meta property=\"og:image\" content=\"https:\/\/careers.ailleron.com\/wp-content\/uploads\/2025\/04\/forest-5176376_1280.jpg\" \/>\n\t<meta property=\"og:image:width\" content=\"1280\" \/>\n\t<meta property=\"og:image:height\" content=\"853\" \/>\n\t<meta property=\"og:image:type\" content=\"image\/jpeg\" \/>\n<meta name=\"author\" content=\"Weronika Rapacz\" \/>\n<meta name=\"twitter:card\" content=\"summary_large_image\" \/>\n<meta name=\"twitter:label1\" content=\"Napisane przez\" \/>\n\t<meta name=\"twitter:data1\" content=\"Weronika Rapacz\" \/>\n\t<meta name=\"twitter:label2\" content=\"Szacowany czas czytania\" \/>\n\t<meta name=\"twitter:data2\" content=\"5 minut\" \/>\n<script type=\"application\/ld+json\" class=\"yoast-schema-graph\">{\"@context\":\"https:\/\/schema.org\",\"@graph\":[{\"@type\":\"Article\",\"@id\":\"https:\/\/careers.ailleron.com\/webinar-how-to-take-care-of-employee-wellbeing-in-the-era-of-esg\/#article\",\"isPartOf\":{\"@id\":\"https:\/\/careers.ailleron.com\/webinar-how-to-take-care-of-employee-wellbeing-in-the-era-of-esg\/\"},\"author\":{\"name\":\"Weronika Rapacz\",\"@id\":\"https:\/\/careers.ailleron.com\/#\/schema\/person\/f08e7174d22bdc2939f293b96e29c835\"},\"headline\":\"Webinar: How to take care of employee wellbeing in the era of ESG?\",\"datePublished\":\"2025-04-02T11:06:53+00:00\",\"dateModified\":\"2025-04-02T11:07:27+00:00\",\"mainEntityOfPage\":{\"@id\":\"https:\/\/careers.ailleron.com\/webinar-how-to-take-care-of-employee-wellbeing-in-the-era-of-esg\/\"},\"wordCount\":661,\"publisher\":{\"@id\":\"https:\/\/careers.ailleron.com\/#organization\"},\"image\":{\"@id\":\"https:\/\/careers.ailleron.com\/webinar-how-to-take-care-of-employee-wellbeing-in-the-era-of-esg\/#primaryimage\"},\"thumbnailUrl\":\"https:\/\/careers.ailleron.com\/wp-content\/uploads\/2025\/04\/forest-5176376_1280.jpg\",\"keywords\":[\"Ailleron Life\"],\"inLanguage\":\"pl-PL\"},{\"@type\":\"WebPage\",\"@id\":\"https:\/\/careers.ailleron.com\/webinar-how-to-take-care-of-employee-wellbeing-in-the-era-of-esg\/\",\"url\":\"https:\/\/careers.ailleron.com\/webinar-how-to-take-care-of-employee-wellbeing-in-the-era-of-esg\/\",\"name\":\"Webinar: How to take care of employee wellbeing in the era of ESG? | Ailleron Careers\",\"isPartOf\":{\"@id\":\"https:\/\/careers.ailleron.com\/#website\"},\"primaryImageOfPage\":{\"@id\":\"https:\/\/careers.ailleron.com\/webinar-how-to-take-care-of-employee-wellbeing-in-the-era-of-esg\/#primaryimage\"},\"image\":{\"@id\":\"https:\/\/careers.ailleron.com\/webinar-how-to-take-care-of-employee-wellbeing-in-the-era-of-esg\/#primaryimage\"},\"thumbnailUrl\":\"https:\/\/careers.ailleron.com\/wp-content\/uploads\/2025\/04\/forest-5176376_1280.jpg\",\"datePublished\":\"2025-04-02T11:06:53+00:00\",\"dateModified\":\"2025-04-02T11:07:27+00:00\",\"description\":\"Join Ailleron and become part of our team! Find out about the latest IT job offers for programmers in Krakow, Warsaw, Rzeszow and Bielsko.\",\"breadcrumb\":{\"@id\":\"https:\/\/careers.ailleron.com\/webinar-how-to-take-care-of-employee-wellbeing-in-the-era-of-esg\/#breadcrumb\"},\"inLanguage\":\"pl-PL\",\"potentialAction\":[{\"@type\":\"ReadAction\",\"target\":[\"https:\/\/careers.ailleron.com\/webinar-how-to-take-care-of-employee-wellbeing-in-the-era-of-esg\/\"]}]},{\"@type\":\"ImageObject\",\"inLanguage\":\"pl-PL\",\"@id\":\"https:\/\/careers.ailleron.com\/webinar-how-to-take-care-of-employee-wellbeing-in-the-era-of-esg\/#primaryimage\",\"url\":\"https:\/\/careers.ailleron.com\/wp-content\/uploads\/2025\/04\/forest-5176376_1280.jpg\",\"contentUrl\":\"https:\/\/careers.ailleron.com\/wp-content\/uploads\/2025\/04\/forest-5176376_1280.jpg\",\"width\":1280,\"height\":853},{\"@type\":\"BreadcrumbList\",\"@id\":\"https:\/\/careers.ailleron.com\/webinar-how-to-take-care-of-employee-wellbeing-in-the-era-of-esg\/#breadcrumb\",\"itemListElement\":[{\"@type\":\"ListItem\",\"position\":1,\"name\":\"Ailleron Careers\",\"item\":\"https:\/\/careers.ailleron.com\/\"},{\"@type\":\"ListItem\",\"position\":2,\"name\":\"Webinar: How to take care of employee wellbeing in the era of ESG?\"}]},{\"@type\":\"WebSite\",\"@id\":\"https:\/\/careers.ailleron.com\/#website\",\"url\":\"https:\/\/careers.ailleron.com\/\",\"name\":\"Ailleron Careers\",\"description\":\"Join Ailleron and become a software developer! See the lates IT job offers for programmers in Cracow, Warsaw, Rzeszow and Bielsko.\",\"publisher\":{\"@id\":\"https:\/\/careers.ailleron.com\/#organization\"},\"alternateName\":\"Ailleron Careers\",\"potentialAction\":[{\"@type\":\"SearchAction\",\"target\":{\"@type\":\"EntryPoint\",\"urlTemplate\":\"https:\/\/careers.ailleron.com\/?s={search_term_string}\"},\"query-input\":{\"@type\":\"PropertyValueSpecification\",\"valueRequired\":true,\"valueName\":\"search_term_string\"}}],\"inLanguage\":\"pl-PL\"},{\"@type\":\"Organization\",\"@id\":\"https:\/\/careers.ailleron.com\/#organization\",\"name\":\"Ailleron SA\",\"url\":\"https:\/\/careers.ailleron.com\/\",\"logo\":{\"@type\":\"ImageObject\",\"inLanguage\":\"pl-PL\",\"@id\":\"https:\/\/careers.ailleron.com\/#\/schema\/logo\/image\/\",\"url\":\"https:\/\/careers.ailleron.com\/wp-content\/uploads\/2023\/03\/aileron_logo_1.png\",\"contentUrl\":\"https:\/\/careers.ailleron.com\/wp-content\/uploads\/2023\/03\/aileron_logo_1.png\",\"width\":624,\"height\":283,\"caption\":\"Ailleron SA\"},\"image\":{\"@id\":\"https:\/\/careers.ailleron.com\/#\/schema\/logo\/image\/\"},\"sameAs\":[\"https:\/\/www.facebook.com\/Ailleron.Digital.Wings\/\",\"https:\/\/www.instagram.com\/ailleron_life\/?hl=en\",\"https:\/\/linkedin.com\/company\/ailleron\/\"]},{\"@type\":\"Person\",\"@id\":\"https:\/\/careers.ailleron.com\/#\/schema\/person\/f08e7174d22bdc2939f293b96e29c835\",\"name\":\"Weronika Rapacz\",\"image\":{\"@type\":\"ImageObject\",\"inLanguage\":\"pl-PL\",\"@id\":\"https:\/\/careers.ailleron.com\/#\/schema\/person\/image\/\",\"url\":\"https:\/\/secure.gravatar.com\/avatar\/7ece1c33107fec541deef50ba069820331f528e724ee8eb26374a9a7637f2482?s=96&d=mm&r=g\",\"contentUrl\":\"https:\/\/secure.gravatar.com\/avatar\/7ece1c33107fec541deef50ba069820331f528e724ee8eb26374a9a7637f2482?s=96&d=mm&r=g\",\"caption\":\"Weronika Rapacz\"}}]}<\/script>\n<!-- \/ Yoast SEO plugin. -->","yoast_head_json":{"title":"Webinar: How to take care of employee wellbeing in the era of ESG? | Ailleron Careers","description":"Do\u0142\u0105cz do Ailleron i sta\u0144 si\u0119 cz\u0119\u015bci\u0105 naszego zespo\u0142u! Poznaj najnowsze oferty pracy IT dla programist\u00f3w w Krakowie, Warszawie, Rzeszowie i Bielsku.","robots":{"index":"index","follow":"follow","max-snippet":"max-snippet:-1","max-image-preview":"max-image-preview:large","max-video-preview":"max-video-preview:-1"},"canonical":"https:\/\/careers.ailleron.com\/pl\/webinar-how-to-take-care-of-employee-wellbeing-in-the-era-of-esg\/","og_locale":"pl_PL","og_type":"article","og_title":"Webinar: How to take care of employee wellbeing in the era of ESG? | Ailleron Careers","og_description":"Join Ailleron and become part of our team! Find out about the latest IT job offers for programmers in Krakow, Warsaw, Rzeszow and Bielsko.","og_url":"https:\/\/careers.ailleron.com\/pl\/webinar-how-to-take-care-of-employee-wellbeing-in-the-era-of-esg\/","og_site_name":"Ailleron Careers","article_publisher":"https:\/\/www.facebook.com\/Ailleron.Digital.Wings\/","article_published_time":"2025-04-02T11:06:53+00:00","article_modified_time":"2025-04-02T11:07:27+00:00","og_image":[{"width":1280,"height":853,"url":"https:\/\/careers.ailleron.com\/wp-content\/uploads\/2025\/04\/forest-5176376_1280.jpg","type":"image\/jpeg"}],"author":"Weronika Rapacz","twitter_card":"summary_large_image","twitter_misc":{"Napisane przez":"Weronika Rapacz","Szacowany czas czytania":"5 minut"},"schema":{"@context":"https:\/\/schema.org","@graph":[{"@type":"Article","@id":"https:\/\/careers.ailleron.com\/webinar-how-to-take-care-of-employee-wellbeing-in-the-era-of-esg\/#article","isPartOf":{"@id":"https:\/\/careers.ailleron.com\/webinar-how-to-take-care-of-employee-wellbeing-in-the-era-of-esg\/"},"author":{"name":"Weronika Rapacz","@id":"https:\/\/careers.ailleron.com\/#\/schema\/person\/f08e7174d22bdc2939f293b96e29c835"},"headline":"Webinar: How to take care of employee wellbeing in the era of ESG?","datePublished":"2025-04-02T11:06:53+00:00","dateModified":"2025-04-02T11:07:27+00:00","mainEntityOfPage":{"@id":"https:\/\/careers.ailleron.com\/webinar-how-to-take-care-of-employee-wellbeing-in-the-era-of-esg\/"},"wordCount":661,"publisher":{"@id":"https:\/\/careers.ailleron.com\/#organization"},"image":{"@id":"https:\/\/careers.ailleron.com\/webinar-how-to-take-care-of-employee-wellbeing-in-the-era-of-esg\/#primaryimage"},"thumbnailUrl":"https:\/\/careers.ailleron.com\/wp-content\/uploads\/2025\/04\/forest-5176376_1280.jpg","keywords":["Ailleron Life"],"inLanguage":"pl-PL"},{"@type":"WebPage","@id":"https:\/\/careers.ailleron.com\/webinar-how-to-take-care-of-employee-wellbeing-in-the-era-of-esg\/","url":"https:\/\/careers.ailleron.com\/webinar-how-to-take-care-of-employee-wellbeing-in-the-era-of-esg\/","name":"Webinar: How to take care of employee wellbeing in the era of ESG? | Ailleron Careers","isPartOf":{"@id":"https:\/\/careers.ailleron.com\/#website"},"primaryImageOfPage":{"@id":"https:\/\/careers.ailleron.com\/webinar-how-to-take-care-of-employee-wellbeing-in-the-era-of-esg\/#primaryimage"},"image":{"@id":"https:\/\/careers.ailleron.com\/webinar-how-to-take-care-of-employee-wellbeing-in-the-era-of-esg\/#primaryimage"},"thumbnailUrl":"https:\/\/careers.ailleron.com\/wp-content\/uploads\/2025\/04\/forest-5176376_1280.jpg","datePublished":"2025-04-02T11:06:53+00:00","dateModified":"2025-04-02T11:07:27+00:00","description":"Do\u0142\u0105cz do Ailleron i sta\u0144 si\u0119 cz\u0119\u015bci\u0105 naszego zespo\u0142u! Poznaj najnowsze oferty pracy IT dla programist\u00f3w w Krakowie, Warszawie, Rzeszowie i Bielsku.","breadcrumb":{"@id":"https:\/\/careers.ailleron.com\/webinar-how-to-take-care-of-employee-wellbeing-in-the-era-of-esg\/#breadcrumb"},"inLanguage":"pl-PL","potentialAction":[{"@type":"ReadAction","target":["https:\/\/careers.ailleron.com\/webinar-how-to-take-care-of-employee-wellbeing-in-the-era-of-esg\/"]}]},{"@type":"ImageObject","inLanguage":"pl-PL","@id":"https:\/\/careers.ailleron.com\/webinar-how-to-take-care-of-employee-wellbeing-in-the-era-of-esg\/#primaryimage","url":"https:\/\/careers.ailleron.com\/wp-content\/uploads\/2025\/04\/forest-5176376_1280.jpg","contentUrl":"https:\/\/careers.ailleron.com\/wp-content\/uploads\/2025\/04\/forest-5176376_1280.jpg","width":1280,"height":853},{"@type":"BreadcrumbList","@id":"https:\/\/careers.ailleron.com\/webinar-how-to-take-care-of-employee-wellbeing-in-the-era-of-esg\/#breadcrumb","itemListElement":[{"@type":"ListItem","position":1,"name":"Ailleron Careers","item":"https:\/\/careers.ailleron.com\/"},{"@type":"ListItem","position":2,"name":"Webinar: How to take care of employee wellbeing in the era of ESG?"}]},{"@type":"WebSite","@id":"https:\/\/careers.ailleron.com\/#website","url":"https:\/\/careers.ailleron.com\/","name":"Ailleron Kariera","description":"Do\u0142\u0105cz do Ailleron i zosta\u0144 programist\u0105! Zobacz najnowsze oferty pracy IT dla programist\u00f3w w Krakowie, Warszawie, Rzeszowie i Bielsku.","publisher":{"@id":"https:\/\/careers.ailleron.com\/#organization"},"alternateName":"Ailleron Careers","potentialAction":[{"@type":"SearchAction","target":{"@type":"EntryPoint","urlTemplate":"https:\/\/careers.ailleron.com\/?s={search_term_string}"},"query-input":{"@type":"PropertyValueSpecification","valueRequired":true,"valueName":"search_term_string"}}],"inLanguage":"pl-PL"},{"@type":"Organization","@id":"https:\/\/careers.ailleron.com\/#organization","name":"Ailleron SA","url":"https:\/\/careers.ailleron.com\/","logo":{"@type":"ImageObject","inLanguage":"pl-PL","@id":"https:\/\/careers.ailleron.com\/#\/schema\/logo\/image\/","url":"https:\/\/careers.ailleron.com\/wp-content\/uploads\/2023\/03\/aileron_logo_1.png","contentUrl":"https:\/\/careers.ailleron.com\/wp-content\/uploads\/2023\/03\/aileron_logo_1.png","width":624,"height":283,"caption":"Ailleron SA"},"image":{"@id":"https:\/\/careers.ailleron.com\/#\/schema\/logo\/image\/"},"sameAs":["https:\/\/www.facebook.com\/Ailleron.Digital.Wings\/","https:\/\/www.instagram.com\/ailleron_life\/?hl=en","https:\/\/linkedin.com\/company\/ailleron\/"]},{"@type":"Person","@id":"https:\/\/careers.ailleron.com\/#\/schema\/person\/f08e7174d22bdc2939f293b96e29c835","name":"Weronika Rapacz","image":{"@type":"ImageObject","inLanguage":"pl-PL","@id":"https:\/\/careers.ailleron.com\/#\/schema\/person\/image\/","url":"https:\/\/secure.gravatar.com\/avatar\/7ece1c33107fec541deef50ba069820331f528e724ee8eb26374a9a7637f2482?s=96&d=mm&r=g","contentUrl":"https:\/\/secure.gravatar.com\/avatar\/7ece1c33107fec541deef50ba069820331f528e724ee8eb26374a9a7637f2482?s=96&d=mm&r=g","caption":"Weronika Rapacz"}}]}},"acf":[],"_links":{"self":[{"href":"https:\/\/careers.ailleron.com\/pl\/wp-json\/wp\/v2\/posts\/2773","targetHints":{"allow":["GET"]}}],"collection":[{"href":"https:\/\/careers.ailleron.com\/pl\/wp-json\/wp\/v2\/posts"}],"about":[{"href":"https:\/\/careers.ailleron.com\/pl\/wp-json\/wp\/v2\/types\/post"}],"author":[{"embeddable":true,"href":"https:\/\/careers.ailleron.com\/pl\/wp-json\/wp\/v2\/users\/4"}],"replies":[{"embeddable":true,"href":"https:\/\/careers.ailleron.com\/pl\/wp-json\/wp\/v2\/comments?post=2773"}],"version-history":[{"count":0,"href":"https:\/\/careers.ailleron.com\/pl\/wp-json\/wp\/v2\/posts\/2773\/revisions"}],"wp:featuredmedia":[{"embeddable":true,"href":"https:\/\/careers.ailleron.com\/pl\/wp-json\/wp\/v2\/media\/2769"}],"wp:attachment":[{"href":"https:\/\/careers.ailleron.com\/pl\/wp-json\/wp\/v2\/media?parent=2773"}],"wp:term":[{"taxonomy":"category","embeddable":true,"href":"https:\/\/careers.ailleron.com\/pl\/wp-json\/wp\/v2\/categories?post=2773"},{"taxonomy":"post_tag","embeddable":true,"href":"https:\/\/careers.ailleron.com\/pl\/wp-json\/wp\/v2\/tags?post=2773"}],"curies":[{"name":"wp","href":"https:\/\/api.w.org\/{rel}","templated":true}]}}